{"id":121,"date":"2013-12-17T17:41:59","date_gmt":"2013-12-17T17:41:59","guid":{"rendered":"http:\/\/www.amigosdedios.org\/sitio\/primicas-2014\/"},"modified":"2013-12-17T17:41:59","modified_gmt":"2013-12-17T17:41:59","slug":"primicas-2014","status":"publish","type":"post","link":"https:\/\/www.amigosdedios.org\/sitio\/archivos\/121","title":{"rendered":"Fiesta de las Primicias"},"content":{"rendered":"<p style=\"text-align: justify; line-height: normal; margin-bottom: 0pt;\"><span>El domingo 5 de enero, primer domingo del 2014 celebraremos en Iglesia Cristiana Amigos de Dios la <b>Fiesta de las Primicias<\/b>, podemos resumir el significado de esta fiesta como el <b><i>agradecimiento que tenemos para con Dios por todas las bendiciones que \u00c9l nos ha dado<\/i><\/b>.<\/span><\/p>\n<p style=\"text-align: center; line-height: normal; margin-bottom: 0pt;\"><span><img loading=\"lazy\" decoding=\"async\" loading=\"lazy\" class=\" size-full wp-image-120\" alt=\"\" src=\"http:\/\/www.amigosdedios.org\/sitio\/wp-content\/uploads\/2013\/12\/correo_primicias.jpg\" width=\"400\" height=\"500\" srcset=\"https:\/\/www.amigosdedios.org\/sitio\/wp-content\/uploads\/2013\/12\/correo_primicias.jpg 400w, https:\/\/www.amigosdedios.org\/sitio\/wp-content\/uploads\/2013\/12\/correo_primicias-240x300.jpg 240w\" sizes=\"auto, (max-width: 767px) 100vw, 400px\" \/><\/span><\/p>\n<p style=\"text-align: justify; line-height: normal; margin-bottom: 0pt;\"><span><\/span> <!--more-->  <\/p>\n<p>&nbsp;<\/p>\n<p style=\"text-align: justify; line-height: normal; margin-bottom: 0pt;\">&nbsp;<\/p>\n<p style=\"text-align: justify; line-height: normal; margin-bottom: 0pt;\"><span>Dios es un Dios de fiestas, podemos encontrar en los primero libros de la biblia (G\u00e9nesis, \u00c9xodo, Lev\u00edtico, N\u00fameros y Deuteronomio) que Dios estableci\u00f3 muchas fiestas, entre ellas la fiesta denominada \u201cLa Pascua\u201d o la fiesta de los panes sin levadura (Lev\u00edtico 23:5-6) tambi\u00e9n estableci\u00f3 la fiesta de las Trompetas (Lev\u00edtico 23:24) y la fiesta de los Tabern\u00e1culos (Lev\u00edtico 23:34). De la misma forma Dios estableci\u00f3 la fiesta de las primicias.<\/span><\/p>\n<p style=\"text-align: justify; line-height: normal; margin-bottom: 0pt;\"><span>&nbsp;<\/span><\/p>\n<p style=\"text-align: justify; line-height: normal; margin-bottom: 0pt;\"><span>Esta fiesta la estableci\u00f3 para cuando los Israelitas entraran en la tierra prometida y podemos encontrarla en <b><i>Deuteronomio 26:1-11<\/i><\/b> Dios le ordeno a su pueblo <b><i>\u201ccuando entres en la tierra que el Se\u00f1or tu Dios te da por herencia, tomes posesi\u00f3n de ella y habites en ella, tomar\u00e1s las primicias de todos los frutos del suelo que recojas de la tierra que el Se\u00f1or tu Dios te da\u201d<\/i><\/b> tambi\u00e9n les ordeno que la presentaran delante de Dios como una forma de adoraci\u00f3n y agradecimiento. Por eso te animamos para que el domingo 5 de enero traigas lo mejor de tus frutos, lo mejor del trabajo de tu mano, lo mejor que tengas para Dios y as\u00ed \u00c9l cumpla su palabra tal como se lo prometi\u00f3 a su pueblo en <b><i>Deuteronomio 26:18<\/i><\/b> donde dice <b><i>\u201cY el Se\u00f1or ha declarado hoy que t\u00fa eres su pueblo, su exclusiva posesi\u00f3n, como \u00c9l te prometi\u00f3\u201d.<\/i><\/b> <\/span><\/p>\n<p style=\"text-align: justify; line-height: normal; margin-bottom: 0pt;\"><span>&nbsp;<\/span><\/p>\n<p style=\"text-align: justify; line-height: normal; margin-bottom: 0pt;\"><span>En el libro de <b><i>\u00c9xodo 22:29<\/i><\/b> leemos <b><i>\u201cNo demorar\u00e1s la ofrenda de tu cosecha ni de tu vendimia. Me dar\u00e1s el primog\u00e9nito de tus hijos.\u201d<\/i><\/b> Jes\u00fas se ofreci\u00f3 como nuestra primicia para que por medio de \u00c9l pudi\u00e9ramos tener el perd\u00f3n de pecados y la sanidad de nuestro cuerpo (Lucas 22:15-20).<\/span><\/p>\n<p style=\"text-align: justify; line-height: normal; margin-bottom: 0pt;\"><span>&nbsp;<\/span><\/p>\n<p style=\"text-align: justify; line-height: normal; margin-bottom: 0pt;\"><span>Si est\u00e1s agradecido con todas las bendiciones que Dios te ha dado durante este a\u00f1o, ven con el fruto de tu trabajo y mu\u00e9strale al Se\u00f1or tu agradecimiento y p\u00eddele que el pr\u00f3ximo a\u00f1o traiga a\u00fan m\u00e1s bendici\u00f3n, protecci\u00f3n y sobre abundancia.<\/span><\/p>\n<p>&nbsp;<\/p><\/p>\n","protected":false},"excerpt":{"rendered":"<p>El domingo 5 de enero, primer domingo del 2014 celebraremos en Iglesia Cristiana&hellip;<\/p>\n","protected":false},"author":1,"featured_media":120,"comment_status":"open","ping_status":"open","sticky":false,"template":"","format":"standard","meta":{"nf_dc_page":"","page_builder":"","footnotes":""},"categories":[12],"tags":[],"class_list":["post-121","post","type-post","status-publish","format-standard","has-post-thumbnail","hentry","category-latest-news"],"_links":{"self":[{"href":"https:\/\/www.amigosdedios.org\/sitio\/wp-json\/wp\/v2\/posts\/121","targetHints":{"allow":["GET"]}}],"collection":[{"href":"https:\/\/www.amigosdedios.org\/sitio\/wp-json\/wp\/v2\/posts"}],"about":[{"href":"https:\/\/www.amigosdedios.org\/sitio\/wp-json\/wp\/v2\/types\/post"}],"author":[{"embeddable":true,"href":"https:\/\/www.amigosdedios.org\/sitio\/wp-json\/wp\/v2\/users\/1"}],"replies":[{"embeddable":true,"href":"https:\/\/www.amigosdedios.org\/sitio\/wp-json\/wp\/v2\/comments?post=121"}],"version-history":[{"count":0,"href":"https:\/\/www.amigosdedios.org\/sitio\/wp-json\/wp\/v2\/posts\/121\/revisions"}],"wp:featuredmedia":[{"embeddable":true,"href":"https:\/\/www.amigosdedios.org\/sitio\/wp-json\/wp\/v2\/media\/120"}],"wp:attachment":[{"href":"https:\/\/www.amigosdedios.org\/sitio\/wp-json\/wp\/v2\/media?parent=121"}],"wp:term":[{"taxonomy":"category","embeddable":true,"href":"https:\/\/www.amigosdedios.org\/sitio\/wp-json\/wp\/v2\/categories?post=121"},{"taxonomy":"post_tag","embeddable":true,"href":"https:\/\/www.amigosdedios.org\/sitio\/wp-json\/wp\/v2\/tags?post=121"}],"curies":[{"name":"wp","href":"https:\/\/api.w.org\/{rel}","templated":true}]}}